{"id":10769,"date":"2026-08-31T12:28:35","date_gmt":"2026-08-31T09:28:35","guid":{"rendered":"https:\/\/www.izmiraktifhaber.com\/?p=10769"},"modified":"2026-08-31T12:30:14","modified_gmt":"2026-08-31T09:30:14","slug":"pacaci-siyasi-belirsizligin-faturasini-izmirli-odememeli","status":"publish","type":"post","link":"https:\/\/www.izmiraktifhaber.com\/index.php\/2026\/08\/31\/pacaci-siyasi-belirsizligin-faturasini-izmirli-odememeli\/","title":{"rendered":"PA\u00c7ACI: \u201cS\u0130YAS\u0130 BEL\u0130RS\u0130ZL\u0130\u011e\u0130N FATURASINI \u0130ZM\u0130RL\u0130 \u00d6DEMEMEL\u0130\u201d"},"content":{"rendered":"<p>\u0130zmir bug\u00fcn siyasi tart\u0131\u015fmalardan \u00e7ok daha \u00f6nemli ve acil sorunlarla kar\u015f\u0131 kar\u015f\u0131yad\u0131r.<br \/>\nVatanda\u015f\u0131m\u0131z\u0131n beklentisi \u00e7ok nettir: Temiz bir kent, d\u00fczg\u00fcn yollar, \u00e7al\u0131\u015fan altyap\u0131, ula\u015f\u0131labilir toplu ta\u015f\u0131ma, sa\u011fl\u0131kl\u0131 bir k\u00f6rfez, ya\u015fanabilir mahalleler, sosyal hizmetler ve gelece\u011fe haz\u0131rlanan bir \u0130zmir.<\/p>\n<p>Ancak belediye ba\u015fkanlar\u0131n\u0131n ve belediye meclis \u00fcyelerinin hangi siyasi yap\u0131da yer alaca\u011f\u0131na ili\u015fkin tart\u0131\u015fmalar\u0131n s\u00fcrekli g\u00fcndemde kalmas\u0131, do\u011fal olarak yerel y\u00f6netimlerde karar alma s\u00fcre\u00e7lerinin gelece\u011fi konusunda soru i\u015faretleri olu\u015fturmaktad\u0131r.<br \/>\nBizim \u00fczerinde durdu\u011fumuz konu ki\u015filerin hangi partiyi tercih etti\u011fi de\u011fildir. Bu herkesin kendi siyasi tercihidir.<\/p>\n<p><strong>Bizim meselemiz \u0130zmir&#8217;dir.<\/strong><\/p>\n<p>\u00c7\u00fcnk\u00fc belediye y\u00f6netimlerinde siyasi belirsizlik uzad\u0131\u011f\u0131nda bunun sonucu yaln\u0131zca siyasi kulislerde g\u00f6r\u00fclmez.<br \/>\nMeclis komisyonlar\u0131n\u0131n \u00e7al\u0131\u015fmas\u0131ndan b\u00fct\u00e7e kararlar\u0131na, imar d\u00fczenlemelerinden yat\u0131r\u0131mlara, ula\u015f\u0131m projelerinden altyap\u0131 \u00e7al\u0131\u015fmalar\u0131na kadar belediyelerin hayat\u0131m\u0131za dokunan hemen her alan\u0131nda karar s\u00fcre\u00e7lerinin yava\u015flamas\u0131 riski ortaya \u00e7\u0131kar.<\/p>\n<p>Bug\u00fcn al\u0131nmas\u0131 gereken bir karar\u0131n aylarca tart\u0131\u015f\u0131lmas\u0131, bug\u00fcn ba\u015flamas\u0131 gereken bir yat\u0131r\u0131m\u0131n yar\u0131na b\u0131rak\u0131lmas\u0131 demektir.<\/p>\n<p>Ve belediyelerde kaybedilen zaman\u0131n bedelini siyasi partiler de\u011fil, vatanda\u015f \u00f6der.<\/p>\n<p>Bir mahallede yap\u0131lmayan yol olarak \u00f6der.<br \/>\nGeciken altyap\u0131 yat\u0131r\u0131m\u0131 olarak \u00f6der.<br \/>\n\u00c7\u00f6z\u00fclmeyen trafik problemi olarak \u00f6der.<br \/>\nErtelenen kentsel d\u00f6n\u00fc\u015f\u00fcm olarak \u00f6der.<br \/>\nYetersiz sosyal hizmet olarak \u00f6der.<br \/>\n\u0130zmir&#8217;in art\u0131k siyasi hesapla\u015fmalara ay\u0131racak zaman\u0131 yoktur.<\/p>\n<p>Kentimizin deprem ger\u00e7e\u011fi vard\u0131r. Altyap\u0131 sorunlar\u0131 vard\u0131r. K\u00f6rfez sorunu vard\u0131r. Trafik ve ula\u015f\u0131m problemi vard\u0131r. Kentsel d\u00f6n\u00fc\u015f\u00fcm ihtiyac\u0131 vard\u0131r. Esnaf\u0131n, emeklinin, \u00f6\u011frencinin ve dar gelirli vatanda\u015flar\u0131m\u0131z\u0131n belediyelerden beklentileri vard\u0131r.<\/p>\n<p>B\u00f6ylesine \u00f6nemli sorunlar\u0131n bulundu\u011fu bir \u015fehirde yerel y\u00f6netimlerin b\u00fct\u00fcn enerjisini hizmete y\u00f6neltmesi gerekir.<\/p>\n<p>Belediye ba\u015fkanlar\u0131n\u0131n ve belediye meclis \u00fcyelerinin asli g\u00f6revi siyasi geleceklerini planlamak de\u011fil, kendilerine oy veren veya vermeyen b\u00fct\u00fcn vatanda\u015flara hizmet etmektir.<\/p>\n<p><strong>\u0130zmirli sand\u0131\u011fa giderken siyasi belirsizlik de\u011fil, be\u015f y\u0131l boyunca kendisine hizmet edecek bir yerel y\u00f6netim se\u00e7ti\u011fini d\u00fc\u015f\u00fcnerek oy verdi.<\/strong><\/p>\n<p>Bu nedenle belediye meclislerinde olu\u015fabilecek siyasi par\u00e7alanman\u0131n belediye hizmetlerinde bir pazarl\u0131k veya engelleme arac\u0131na d\u00f6n\u00fc\u015fmemesi son derece \u00f6nemlidir.<\/p>\n<p>Hangi siyasi partiden olursa olsun b\u00fct\u00fcn belediye ba\u015fkanlar\u0131na ve meclis \u00fcyelerine \u00e7a\u011fr\u0131m\u0131z a\u00e7\u0131kt\u0131r:<\/p>\n<p>\u0130zmir&#8217;in gelece\u011fini parti tart\u0131\u015fmalar\u0131n\u0131n \u00fczerinde tutun.<\/p>\n<p>\u0130zmir i\u00e7in do\u011fru bir proje varsa destekleyin.<\/p>\n<p>Vatanda\u015f\u0131n yarar\u0131na bir karar varsa \u00f6n\u00fcn\u00fc a\u00e7\u0131n.<\/p>\n<p>Yanl\u0131\u015f bir uygulama varsa denetleyin ve kar\u015f\u0131 \u00e7\u0131k\u0131n.<\/p>\n<p>Ama \u0130zmir&#8217;i siyasi hesaplar\u0131n, ki\u015fisel gelecek planlar\u0131n\u0131n ve parti i\u00e7i m\u00fccadelelerin aras\u0131nda b\u0131rakmay\u0131n.<\/p>\n<p>\u00c7\u00fcnk\u00fc yerel y\u00f6netimlerde siyasi istikrars\u0131zl\u0131\u011f\u0131n en b\u00fcy\u00fck tehlikesi, bir s\u00fcre sonra vatanda\u015fta <strong>\u201cNas\u0131l olsa hi\u00e7bir \u015fey de\u011fi\u015fmiyor\u201d<\/strong> duygusunun olu\u015fmas\u0131d\u0131r.<\/p>\n<p>Bu duygu siyasete olan g\u00fcveni, belediyelere olan g\u00fcveni ve vatanda\u015f\u0131n y\u00f6netime kat\u0131lma iste\u011fini zedeler.<\/p>\n<p>\u0130zmirlinin ihtiyac\u0131 yeni siyasi krizler de\u011fil, \u00e7al\u0131\u015fan belediyelerdir.<\/p>\n<p>\u0130zmirlinin ihtiyac\u0131 yeni koltuk tart\u0131\u015fmalar\u0131 de\u011fil, yeni yat\u0131r\u0131mlard\u0131r.<\/p>\n<p>\u0130zmirlinin ihtiyac\u0131 parti de\u011fi\u015ftirme haberleri de\u011fil, mahallesinde de\u011fi\u015fen ve geli\u015fen bir kent g\u00f6rmektir.<\/p>\n<p>Biz yerel y\u00f6netimleri bu anlay\u0131\u015fla de\u011ferlendirece\u011fiz.<\/p>\n<p>Kim hizmet yap\u0131yorsa yan\u0131nda olaca\u011f\u0131z.<\/p>\n<p>Kim \u0130zmir&#8217;in kaynaklar\u0131n\u0131 do\u011fru kullan\u0131yorsa destekleyece\u011fiz.<\/p>\n<p>Kim hizmeti aksat\u0131yor, belediyeyi siyasi \u00e7eki\u015fmelerin i\u00e7erisine s\u00fcr\u00fckl\u00fcyor veya vatanda\u015f\u0131n sorunlar\u0131n\u0131 ikinci plana at\u0131yorsa bunun da kar\u015f\u0131s\u0131nda duraca\u011f\u0131z.<\/p>\n<p>\u00c7\u00fcnk\u00fc belediyeler siyasi partilerin de\u011fil, milletindir.<\/p>\n<p><strong>\u0130zmir de hi\u00e7bir siyasi yap\u0131n\u0131n i\u00e7 meselesine kurban edilemeyecek kadar de\u011ferlidir.<\/strong><\/p>\n<p>\u0130zmir&#8217;in kaybedecek bir g\u00fcn\u00fc dahi yoktur.<\/p>\n<p>Art\u0131k konu\u015fulmas\u0131 gereken kimin hangi partiye ge\u00e7ti\u011fi de\u011fil, \u0130zmir i\u00e7in bug\u00fcn ne yap\u0131ld\u0131\u011f\u0131 ve yar\u0131n ne yap\u0131laca\u011f\u0131d\u0131r.<\/p>\n<p><strong>Ahmet PA\u00c7ACI<\/strong><br \/>\n<strong>\u0130zmir Yerel Y\u00f6netimlerden Sorumlu \u0130l Ba\u015fkan Yard\u0131mc\u0131s\u0131<\/strong><\/p>\n","protected":false},"excerpt":{"rendered":"<p>\u0130zmir Yerel Y\u00f6netimlerden Sorumlu \u0130l Ba\u015fkan Yard\u0131mc\u0131s\u0131 Ahmet PA\u00c7ACI, \u0130zmir\u2019de belediye ba\u015fkanlar\u0131 ve belediye meclis \u00fcyelerinin CHP ile YEN\u0130 Parti aras\u0131nda ya\u015fad\u0131\u011f\u0131 siyasi belirsizli\u011fin yerel y\u00f6netim hizmetlerine olas\u0131 etkilerine ili\u015fkin a\u00e7\u0131klamalarda bulundu.<\/p>\n","protected":false},"author":1,"featured_media":10770,"comment_status":"open","ping_status":"open","sticky":false,"template":"","format":"standard","meta":{"footnotes":""},"categories":[4],"tags":[131,132],"class_list":["post-10769","post","type-post","status-publish","format-standard","has-post-thumbnail","hentry","category-politika","tag-ahmet-pacaci","tag-deva-partisi"],"amp_enabled":true,"_links":{"self":[{"href":"https:\/\/www.izmiraktifhaber.com\/index.php\/wp-json\/wp\/v2\/posts\/10769","targetHints":{"allow":["GET"]}}],"collection":[{"href":"https:\/\/www.izmiraktifhaber.com\/index.php\/wp-json\/wp\/v2\/posts"}],"about":[{"href":"https:\/\/www.izmiraktifhaber.com\/index.php\/wp-json\/wp\/v2\/types\/post"}],"author":[{"embeddable":true,"href":"https:\/\/www.izmiraktifhaber.com\/index.php\/wp-json\/wp\/v2\/users\/1"}],"replies":[{"embeddable":true,"href":"https:\/\/www.izmiraktifhaber.com\/index.php\/wp-json\/wp\/v2\/comments?post=10769"}],"version-history":[{"count":1,"href":"https:\/\/www.izmiraktifhaber.com\/index.php\/wp-json\/wp\/v2\/posts\/10769\/revisions"}],"predecessor-version":[{"id":10771,"href":"https:\/\/www.izmiraktifhaber.com\/index.php\/wp-json\/wp\/v2\/posts\/10769\/revisions\/10771"}],"wp:featuredmedia":[{"embeddable":true,"href":"https:\/\/www.izmiraktifhaber.com\/index.php\/wp-json\/wp\/v2\/media\/10770"}],"wp:attachment":[{"href":"https:\/\/www.izmiraktifhaber.com\/index.php\/wp-json\/wp\/v2\/media?parent=10769"}],"wp:term":[{"taxonomy":"category","embeddable":true,"href":"https:\/\/www.izmiraktifhaber.com\/index.php\/wp-json\/wp\/v2\/categories?post=10769"},{"taxonomy":"post_tag","embeddable":true,"href":"https:\/\/www.izmiraktifhaber.com\/index.php\/wp-json\/wp\/v2\/tags?post=10769"}],"curies":[{"name":"wp","href":"https:\/\/api.w.org\/{rel}","templated":true}]}}